{"id":61,"date":"2019-12-23T12:39:08","date_gmt":"2019-12-23T12:39:08","guid":{"rendered":"https:\/\/duhovnoizpopolnjevanje.si\/?p=61"},"modified":"2023-02-23T16:41:00","modified_gmt":"2023-02-23T16:41:00","slug":"tretje-letno-srecanje-udelezencev-duhovnega-izpopolnjevanja-2019","status":"publish","type":"post","link":"https:\/\/duhovnoizpopolnjevanje.si\/index.php\/2019\/12\/23\/tretje-letno-srecanje-udelezencev-duhovnega-izpopolnjevanja-2019\/","title":{"rendered":"Tretje letno sre\u010danje udele\u017eencev Duhovnega izpopolnjevanja (2019)"},"content":{"rendered":"\n<p>Letno sre\u010danje slu\u0161ateljev programa Duhovno izpopolnjevanje je potekalo v sredo, 13. novembra 2019. Alumni programa smo se zbrali v avli Teolo\u0161ke fakultete. Veliko veselje je bilo ponovno sre\u010dati so\u0161olke in so\u0161olce, s katerimi smo do\u017eiveli veliko lepega. Vsi (55 nekdanjih in sedanjih slu\u0161ateljev) pa je v nadaljevanju z zanimanjem prisluhnilo navdihujo\u010demu predavanju prof. Maksimiljana Matja\u017ea: Kristus nas je osvobodil, da bi ostali svobodni (Gal 5,1). Pavel \u2013 svobodni oznanjevalec evangelija.<\/p>\n\n\n\n<p>Po predavanju smo v skupinah razmi\u0161ljali tudi o vpra\u0161anju, na kak\u0161en na\u010din nas apostol Pavel spodbuja k oznanjevanju evangelija v Cerkvi na Slovenskem. V na\u0161i skupini smo, med drugim, izpostavili vpra\u0161anje profesorja ob Gal 2,17,kdaj se mi izka\u017eemo za gre\u0161nike? Odgovor, ki ga je podal, je: ko nismo v Svetem Duhu, ko gradimo na samem sebi. Sveti Duh je Duh ob\u010destva, Duh O\u010deta, je Duh, ki dela v nas Bo\u017eje otroke. \u010ce se to zapre, storimo greh proti Svetemu Duhu in posledica tega greha je smrt \u2013 osama, izoliranost, egoizem. \u010ce gradim na svoji mo\u010di, bom ugotovil, da sem gre\u0161nik in posledice bodo, da tam ne bo \u017eivljenja \u2026 Osebno to pretresljivo dejstvo \u017ee leta opazujem na podro\u010dju birmanske pastorale: \u010de oznanjevalci ne upo\u0161tevamo dovolj povezanosti in prijateljstva s Svetim Duhom (ponekod morda niti oznanilo o Svetem Duhu ne pride do star\u0161ev, botrov in birmancev), ali lahko pri\u010dakujemo \u017eivljenje v Duhu, veri in sadove Duha?<\/p>\n\n\n\n<p>Odli\u010den program Duhovno izpopolnjevanje nas spodbuja in opogumlja, da bi poglabljali in se veselili duhovnega bogastva, ki smo ga dele\u017eni kot odre\u0161eni Bo\u017eji otroci, svobodni v Kristusu in med seboj povezani v ob\u010destvo kot bratje in sestre. Po predavanju in pogovoru v skupinah smo to ob\u010destvo s hvale\u017enostjo izkusili tudi v bratsko-sestrskem dru\u017eenju ob koncu sre\u010danja. (Polona Vesel Mu\u0161i\u010d)<\/p>\n\n\n\n<p>Prek osrednje teme<strong>&nbsp;<em>Kristus nas je osvobodil, da bi ostali svobodni (Gal 5,1). Pavel \u2013 svobodni oznanjevalec evangelija<\/em>,<\/strong>&nbsp;je prof. dr. Maksimilijan Matja\u017e prisotne peljal skozi Pavlovo pismo Gala\u010danom in pokazal na\u010din branja, da bi Pavla, velikega govornika, pisca in teologa, predvsem pa gore\u010dega Kristusovega apostola, bolje razumeli. Nekaj misli udele\u017eencev: duhovno usposabljanje utrjuje v spoznanju obstoja skrivnosti, zaradi katerih je potrebna vera,&nbsp; osvobaja od nevednosti, postajamo trdnej\u0161i in bolj gore\u010di oznanjevalci, &nbsp;nenehno spreobra\u010danje je na\u0161a stalnica, Bog dela tudi iz greha dobro&nbsp; \u2013 pri vsem tem nam je Pavel zgled. &nbsp;Na\u0161a stalna pro\u0161nja: \u201c<em>Gospod, pomno\u017ei nam vero!<\/em>\u201d (Marta Ciraj)<\/p>\n","protected":false},"excerpt":{"rendered":"<p>Letno sre\u010danje slu\u0161ateljev programa Duhovno izpopolnjevanje je potekalo v sredo, 13. novembra 2019. Alumni programa smo se zbrali v avli Teolo\u0161ke fakultete. Veliko veselje je bilo ponovno sre\u010dati so\u0161olke in so\u0161olce, s katerimi smo do\u017eiveli veliko lepega. Vsi (55 nekdanjih in sedanjih slu\u0161ateljev) pa je v nadaljevanju z zanimanjem prisluhnilo navdihujo\u010demu predavanju prof. Maksimiljana Matja\u017ea: &hellip; <\/p>\n<p class=\"link-more\"><a href=\"https:\/\/duhovnoizpopolnjevanje.si\/index.php\/2019\/12\/23\/tretje-letno-srecanje-udelezencev-duhovnega-izpopolnjevanja-2019\/\" class=\"more-link\">Preberi ve\u010d<span class=\"screen-reader-text\"> &#8220;Tretje letno sre\u010danje udele\u017eencev Duhovnega izpopolnjevanja (2019)&#8221;<\/span><\/a><\/p>\n","protected":false},"author":1,"featured_media":0,"comment_status":"closed","ping_status":"closed","sticky":false,"template":"","format":"standard","meta":{"_eb_attr":"","footnotes":""},"categories":[4],"tags":[],"class_list":["post-61","post","type-post","status-publish","format-standard","hentry","category-alumni"],"_links":{"self":[{"href":"https:\/\/duhovnoizpopolnjevanje.si\/index.php\/wp-json\/wp\/v2\/posts\/61","targetHints":{"allow":["GET"]}}],"collection":[{"href":"https:\/\/duhovnoizpopolnjevanje.si\/index.php\/wp-json\/wp\/v2\/posts"}],"about":[{"href":"https:\/\/duhovnoizpopolnjevanje.si\/index.php\/wp-json\/wp\/v2\/types\/post"}],"author":[{"embeddable":true,"href":"https:\/\/duhovnoizpopolnjevanje.si\/index.php\/wp-json\/wp\/v2\/users\/1"}],"replies":[{"embeddable":true,"href":"https:\/\/duhovnoizpopolnjevanje.si\/index.php\/wp-json\/wp\/v2\/comments?post=61"}],"version-history":[{"count":3,"href":"https:\/\/duhovnoizpopolnjevanje.si\/index.php\/wp-json\/wp\/v2\/posts\/61\/revisions"}],"predecessor-version":[{"id":118,"href":"https:\/\/duhovnoizpopolnjevanje.si\/index.php\/wp-json\/wp\/v2\/posts\/61\/revisions\/118"}],"wp:attachment":[{"href":"https:\/\/duhovnoizpopolnjevanje.si\/index.php\/wp-json\/wp\/v2\/media?parent=61"}],"wp:term":[{"taxonomy":"category","embeddable":true,"href":"https:\/\/duhovnoizpopolnjevanje.si\/index.php\/wp-json\/wp\/v2\/categories?post=61"},{"taxonomy":"post_tag","embeddable":true,"href":"https:\/\/duhovnoizpopolnjevanje.si\/index.php\/wp-json\/wp\/v2\/tags?post=61"}],"curies":[{"name":"wp","href":"https:\/\/api.w.org\/{rel}","templated":true}]}}